{"id":3928,"date":"2026-02-22T06:14:41","date_gmt":"2026-02-22T06:14:41","guid":{"rendered":"https:\/\/veckotidningen.se\/?p=3928"},"modified":"2026-02-22T06:14:41","modified_gmt":"2026-02-22T06:14:41","slug":"nanne-gronvalls-jubileumsturne-har-ar-jag-flyttas-till-varen-2027","status":"publish","type":"post","link":"https:\/\/veckotidningen.se\/?p=3928","title":{"rendered":"Nanne Gr\u00f6nvalls jubileumsturn\u00e9 &#8221;H\u00e4r \u00e4r jag!&#8221; flyttas till v\u00e5ren 2027"},"content":{"rendered":"<p><strong>Den planerade turn\u00e9n, som har f\u00e5tt namnet\u00a0<em>H\u00e4r \u00e4r jag!<\/em>\u00a0, och skulle bli Nannes stora 40-\u00e5rsjubileumsturn\u00e9 h\u00f6sten 2026, flyttas fram till v\u00e5ren 2027.<\/strong><\/p>\n<p>Anledningen \u00e4r att Nanne nyligen tvingats genomg\u00e5 en operation efter att ha drabbats av br\u00f6stcancer. Operationen var mycket lyckad och allt \u00e4r positivt.<\/p>\n<p>\u201dJag hade s\u00e5 otroligt mycket sett fram emot att fira mina 40 \u00e5r som artist tillsammans med er redan i h\u00f6st. Men livet ville annorlunda. Efter att genomg\u00e5tt en operation och p\u00e5b\u00f6rjatt min v\u00e4g tillbaka beh\u00f6ver jag ge mig sj\u00e4lv den tid som kr\u00e4vs att bli helt stark igen \u2013 f\u00f6r att g\u00f6ra en jubileumsf\u00f6rest\u00e4llning med allt vad det inneb\u00e4r av f\u00f6rberedelser och planering med koreografi, nya l\u00e5tar, manus och mycket annat. Jag \u00e4r p\u00e5 b\u00e4ttringsv\u00e4gen och k\u00e4nner en enorm tacksamhet &#8211; f\u00f6r v\u00e5rden, f\u00f6r k\u00e4rleken runtomkring mig och allt st\u00f6d ifr\u00e5n publiken. V\u00e5ren 2027 kommer jag tillbaka med \u00e4nnu mer kraft, rock\u00b4n\u00b4roll, schlager och hj\u00e4rta \u00e4n n\u00e5gonsin.\u201d D\u00e5 firar vi &#8211; p\u00e5 riktigt!, s\u00e4ger Nanne Gr\u00f6nvall<\/p>\n<p>V\u00e5ren 2027 blir det allts\u00e5 ett 41-\u00e5rsjubileum, och kan publiken se fram emot en mycket energifylld show i<em>H\u00e4r \u00e4r jag!,<\/em>\u00a0d\u00e4r Nannes rockr\u00f6tter m\u00f6ter hennes \u00e4lskade schlagerl\u00e5tar, i en unik blandning av rock och schlager. 6-mannaband och dansarna och k\u00f6rs\u00e5ngerskorna The Nannettes.<\/p>\n<p><strong>TURN\u00c9PLAN<\/strong><\/p>\n<p>6\/2 Karlstad Scalateatern<\/p>\n<p>12\/2 Norrk\u00f6ping Flygeln<\/p>\n<p>13\/2 J\u00f6nk\u00f6pings Konserthus<\/p>\n<p>14\/2 Vara Konserthus<\/p>\n<p>19\/2 G\u00e4vle Konserthus<\/p>\n<p>20\/2 Uppsala UKK<\/p>\n<p>26\/2 V\u00e4xj\u00f6 Konserthus<\/p>\n<p>27\/2 Helsingborgs konserthus<\/p>\n<p>5\/3 V\u00e4ster\u00e5s Konserthus<\/p>\n<p>6\/3 V\u00e4ster\u00e5s Konserthus<\/p>\n<p>12\/3 Malm\u00f6 Malm\u00f6 Live<\/p>\n<p>13\/3 Halmstad Halmstads Teater<\/p>\n<p>2\/4 Lule\u00e5 Kulturens Hus<\/p>\n<p>3\/4 Ume\u00e5 Idunteatern<\/p>\n<p>4\/4 Sundsvall Tonhallen<\/p>\n<p>18\/4 Stockholms Cirkus<\/p>\n<p>https:\/\/www.nanneofficial.com<\/p>\n<div id=\"smux08j\" style=\"display: none;\"><\/div>\n","protected":false},"excerpt":{"rendered":"<p>Den planerade turn\u00e9n, som har f\u00e5tt namnet\u00a0H\u00e4r \u00e4r jag!\u00a0, och skulle bli Nannes stora 40-\u00e5rsjubileumsturn\u00e9 h\u00f6sten 2026, flyttas fram till v\u00e5ren 2027. Anledningen \u00e4r att Nanne nyligen tvingats genomg\u00e5 en operation efter att ha drabbats av br\u00f6stcancer. Operationen var mycket lyckad och allt \u00e4r positivt. \u201dJag hade s\u00e5 otroligt mycket sett fram emot att fira [&hellip;]<\/p>\n","protected":false},"author":1,"featured_media":3929,"comment_status":"open","ping_status":"open","sticky":false,"template":"","format":"standard","meta":{"inline_featured_image":false,"footnotes":""},"categories":[18],"tags":[],"class_list":["post-3928","post","type-post","status-publish","format-standard","has-post-thumbnail","category-show"],"_links":{"self":[{"href":"https:\/\/veckotidningen.se\/index.php?rest_route=\/wp\/v2\/posts\/3928","targetHints":{"allow":["GET"]}}],"collection":[{"href":"https:\/\/veckotidningen.se\/index.php?rest_route=\/wp\/v2\/posts"}],"about":[{"href":"https:\/\/veckotidningen.se\/index.php?rest_route=\/wp\/v2\/types\/post"}],"author":[{"embeddable":true,"href":"https:\/\/veckotidningen.se\/index.php?rest_route=\/wp\/v2\/users\/1"}],"replies":[{"embeddable":true,"href":"https:\/\/veckotidningen.se\/index.php?rest_route=%2Fwp%2Fv2%2Fcomments&post=3928"}],"version-history":[{"count":2,"href":"https:\/\/veckotidningen.se\/index.php?rest_route=\/wp\/v2\/posts\/3928\/revisions"}],"predecessor-version":[{"id":3931,"href":"https:\/\/veckotidningen.se\/index.php?rest_route=\/wp\/v2\/posts\/3928\/revisions\/3931"}],"wp:featuredmedia":[{"embeddable":true,"href":"https:\/\/veckotidningen.se\/index.php?rest_route=\/wp\/v2\/media\/3929"}],"wp:attachment":[{"href":"https:\/\/veckotidningen.se\/index.php?rest_route=%2Fwp%2Fv2%2Fmedia&parent=3928"}],"wp:term":[{"taxonomy":"category","embeddable":true,"href":"https:\/\/veckotidningen.se\/index.php?rest_route=%2Fwp%2Fv2%2Fcategories&post=3928"},{"taxonomy":"post_tag","embeddable":true,"href":"https:\/\/veckotidningen.se\/index.php?rest_route=%2Fwp%2Fv2%2Ftags&post=3928"}],"curies":[{"name":"wp","href":"https:\/\/api.w.org\/{rel}","templated":true}]}}