{"id":3946,"date":"2026-03-02T16:29:36","date_gmt":"2026-03-02T16:29:36","guid":{"rendered":"https:\/\/veckotidningen.se\/?p=3946"},"modified":"2026-03-02T16:29:51","modified_gmt":"2026-03-02T16:29:51","slug":"idol-stjarnan-karl-noremo-gor-simon-i-konsertversionen-av-jesus-christ-superstar-varen-2026","status":"publish","type":"post","link":"https:\/\/veckotidningen.se\/?p=3946","title":{"rendered":"IDOL stj\u00e4rnan Karl Noremo g\u00f6r Simon i konsertversionen av Jesus Christ Superstar v\u00e5ren 2026"},"content":{"rendered":"<p>F\u00f6r Karl &#8221;Musikarl&#8221; Noremo va det alltid sj\u00e4lvklart att s\u00e5ngen och dansen skulle bli en stor del av hans liv. \u00c4ven n\u00e4r Karl som ton\u00e5ring i lilla samh\u00e4llet Tierp i Norra Uppland, spelade b\u00e5de hockey och fotboll, tog b\u00e5de s\u00e5ngen och dansen upp den resterande fritiden!<\/p>\n<p>N\u00e4r Karl fick chansen att flytta till London vid 18 \u00e5rs \u00e5lder f\u00f6r att utbilda sig till musikartist och s\u00e5ngare, tog han den direkt!<\/p>\n<p>Han har medverkat i musikaler som &#8221;Jesus Christ superstar&#8221;, &#8221;Billy Elliot&#8221; &#8221;La Cage Auf FOLLES&#8221;, &#8221;waitress&#8221;, &#8221;Mary Poppins&#8221; och senast &#8221;Matilda&#8221;. Karl har \u00e4ven turnera runt om Skandinavien, Europa och andra delar av v\u00e4rlden som b\u00e5de s\u00e5ngare, dansare och sk\u00e5despelare och s\u00e5gs i h\u00f6stas p\u00e5 tv4s IDOL. Till h\u00f6sten 2026 \u00e4r han aktuell i\u00a0<em>\u00c4nglag\u00e5rd \u2013 The Musical<\/em> , d\u00e4r han spelar rollen som Zac<\/p>\n<p><strong>Jesus Kristus Superstj\u00e4rna<\/strong><\/p>\n<p>Det \u00e4r ingen \u00f6verdrift att kalla\u00a0<strong>Jesus Christ Superstar<\/strong>\u00a0en av v\u00e4rldens mest banbrytande musikaler genom tiderna. Den legendariska rockoperan med musik av\u00a0<strong>Andrew Lloyd Webber<\/strong>\u00a0och text av\u00a0<strong>Tim Rice<\/strong>\u00a0f\u00f6r\u00e4ndrade musikv\u00e4rlden n\u00e4r den f\u00f6rst sl\u00e4pptes som ett konceptalbum 1970. Med\u00a0<strong>Deep Purples<\/strong>\u00a0s\u00e5ngare\u00a0<strong>Ian Gillan<\/strong>\u00a0i rollen som Jesus och\u00a0<strong>Murray Head<\/strong>\u00a0som Judas blev albumet en omedelbar succ\u00e9 och lade grunden till en helt ny era inom rockmusiken.<\/p>\n<p>Ett \u00e5r senare, 1971, hade musikalen sin urpremi\u00e4r p\u00e5\u00a0<strong>Broadway<\/strong>\u00a0, och publiken str\u00f6mmade till. Den r\u00e5a energin, de of\u00f6rgl\u00f6mliga melodierna och den m\u00e4nskliga skildringen av Jesus sista dagar gjorde ett djupt intryck \u2013 b\u00e5de p\u00e5 teaterkritiker och publik v\u00e4rlden \u00f6ver. Sedan dess har\u00a0<strong>Jesus Christ Superstar<\/strong>\u00a0satts upp i otaliga versioner, p\u00e5 olika spr\u00e5k och scener i alla v\u00e4rldsdelar, och r\u00e4knas idag som en av de mest \u00e4lskade och spelade musikalerna n\u00e5gonsin.<\/p>\n<p><strong>Medverkande konstn\u00e4r<\/strong><\/p>\n<p>I denna upps\u00e4ttning bjuds publiken p\u00e5 en kraftfull och gripande tolkning av ber\u00e4ttelsen \u2013 d\u00e4r det storslagna m\u00f6ter det innerliga. I huvudrollerna ser vi\u00a0<strong>Martin Stokke Mathiesen<\/strong>\u00a0som Jesus,\u00a0<strong>Petter Snive<\/strong>\u00a0som Judas,\u00a0<strong>Johanna Kylberg\/Eleonor L\u00e9one*<\/strong>\u00a0som Maria Magdalena,\u00a0<strong>Fredrik Lexfors<\/strong>\u00a0som Pilatus,\u00a0<strong>John Alexander Eriksson<\/strong>\u00a0som Herodes och\u00a0<strong>Karl Noremo<\/strong>\u00a0som Simon.<\/p>\n<p><strong>Turn\u00e9plan:<\/strong><\/p>\n<p>Torsdag 26\/3 J\u00f6nk\u00f6ping Konsert &amp; Kongress Kl.19.30<\/p>\n<p>Fredag 27\/3 J\u00f6nk\u00f6ping Konsert &amp; Kongress Kl.19.30<\/p>\n<p>Onsdag 1\/3 Uppsala UKK Kl.19.30<\/p>\n<p>Torsdag 2\/4 Uppsala UKK Kl.19.30<\/p>\n<p>L\u00f6rdag 4\/4 Link\u00f6ping Konsert &amp; Kongress Kl.15.00<\/p>\n<p>L\u00f6rdag 4\/4 Link\u00f6ping Konsert &amp; Kongress Kl.19.30<\/p>\n<p>L\u00f6rdag 11\/4 G\u00f6teborg Jacy\u00b4z Kl.21.00<\/p>\n<p><em>Den 19 juli man \u00e4ven se konserten p\u00e5 Tjol\u00f6holms Slott utanf\u00f6r Kungsbacka<\/em><\/p>\n<div id=\"smux08j\" style=\"display: none;\"><\/div>\n","protected":false},"excerpt":{"rendered":"<p>F\u00f6r Karl &#8221;Musikarl&#8221; Noremo va det alltid sj\u00e4lvklart att s\u00e5ngen och dansen skulle bli en stor del av hans liv. \u00c4ven n\u00e4r Karl som ton\u00e5ring i lilla samh\u00e4llet Tierp i Norra Uppland, spelade b\u00e5de hockey och fotboll, tog b\u00e5de s\u00e5ngen och dansen upp den resterande fritiden! N\u00e4r Karl fick chansen att flytta till London vid [&hellip;]<\/p>\n","protected":false},"author":3,"featured_media":3947,"comment_status":"open","ping_status":"open","sticky":false,"template":"","format":"standard","meta":{"inline_featured_image":false,"footnotes":""},"categories":[49],"tags":[],"class_list":["post-3946","post","type-post","status-publish","format-standard","has-post-thumbnail","category-musikal"],"_links":{"self":[{"href":"https:\/\/veckotidningen.se\/index.php?rest_route=\/wp\/v2\/posts\/3946","targetHints":{"allow":["GET"]}}],"collection":[{"href":"https:\/\/veckotidningen.se\/index.php?rest_route=\/wp\/v2\/posts"}],"about":[{"href":"https:\/\/veckotidningen.se\/index.php?rest_route=\/wp\/v2\/types\/post"}],"author":[{"embeddable":true,"href":"https:\/\/veckotidningen.se\/index.php?rest_route=\/wp\/v2\/users\/3"}],"replies":[{"embeddable":true,"href":"https:\/\/veckotidningen.se\/index.php?rest_route=%2Fwp%2Fv2%2Fcomments&post=3946"}],"version-history":[{"count":2,"href":"https:\/\/veckotidningen.se\/index.php?rest_route=\/wp\/v2\/posts\/3946\/revisions"}],"predecessor-version":[{"id":3949,"href":"https:\/\/veckotidningen.se\/index.php?rest_route=\/wp\/v2\/posts\/3946\/revisions\/3949"}],"wp:featuredmedia":[{"embeddable":true,"href":"https:\/\/veckotidningen.se\/index.php?rest_route=\/wp\/v2\/media\/3947"}],"wp:attachment":[{"href":"https:\/\/veckotidningen.se\/index.php?rest_route=%2Fwp%2Fv2%2Fmedia&parent=3946"}],"wp:term":[{"taxonomy":"category","embeddable":true,"href":"https:\/\/veckotidningen.se\/index.php?rest_route=%2Fwp%2Fv2%2Fcategories&post=3946"},{"taxonomy":"post_tag","embeddable":true,"href":"https:\/\/veckotidningen.se\/index.php?rest_route=%2Fwp%2Fv2%2Ftags&post=3946"}],"curies":[{"name":"wp","href":"https:\/\/api.w.org\/{rel}","templated":true}]}}