{"id":4051,"date":"2026-04-10T11:47:27","date_gmt":"2026-04-10T11:47:27","guid":{"rendered":"https:\/\/veckotidningen.se\/?p=4051"},"modified":"2026-04-10T11:47:40","modified_gmt":"2026-04-10T11:47:40","slug":"malmo-folk-festival-8-12-april-musik-fran-hela-varlden-runt-om-i-hela-malmo","status":"publish","type":"post","link":"https:\/\/veckotidningen.se\/?p=4051","title":{"rendered":"Malm\u00f6 Folk Festival 8\u201312 april \u2013 Musik fr\u00e5n hela v\u00e4rlden, runt om i hela Malm\u00f6"},"content":{"rendered":"<p>I april fylls Malm\u00f6 av folkmusik och v\u00e4rldsmusik p\u00e5 stadens scener och m\u00f6tesplatser. Malm\u00f6 Folk Festival 2026 bjuder p\u00e5 fem dagar av konserter, dansgolv, workshops, jamsessions och familjef\u00f6rest\u00e4llningar. Mycket mer v\u00e4ntar n\u00e4r festivalen \u00e5terigen samlar publik och arrang\u00f6rer fr\u00e5n hela staden den 8\u201312 april.<\/p>\n<p>Malm\u00f6 Folk Festival \u00e4r ett brett samarbete mellan Malm\u00f6s musikakt\u00f6rer och syftar till att skapa en global musikfest d\u00e4r Malm\u00f6 visas upp som den musikstad den \u00e4r. Festivalen \u00e4ger rum p\u00e5 scener som Victoriateatern, Barnens Scen, Palladium Malm\u00f6, Moriska Paviljongen, Malm\u00f6 Live Konserthus, Inkonst och flera andra platser runt om i staden. Flera programpunkter har fri entr\u00e9.<\/p>\n<p>\u2013 Malm\u00f6 Folk Festival \u00e4r mer \u00e4n en musikfest \u2013 det \u00e4r en m\u00f6tesplats d\u00e4r m\u00e4nniskor, traditioner och uttryck f\u00e5r ta plats sida vid sida. Vi \u00e4r alla v\u00e4ldigt stolta \u00f6ver att tillsammans kunna presentera ett program som rymmer b\u00e5de bredd och djup, fr\u00e5n stora konsertupplevelser till dans, workshops och spontana m\u00f6ten, s\u00e4ger Maria Bojlund, producent p\u00e5 Musik i Syd och festivalens initiativtagare.<\/p>\n<p><strong>Nordtrad \u2013 musikh\u00f6gskolornas samarbete bjuder p\u00e5 nya m\u00f6ten<\/strong><\/p>\n<p>Festivalveckan inleds redan den 8 april med\u00a0<strong>Nordtrad Kavalkad i Stadshallen, Lund<\/strong>\u00a0\u2013 en konsert med 130 studenter och 40 l\u00e4rare fr\u00e5n musikh\u00f6gskolor fr\u00e5n hela Norden och Baltikum. Nordtrad \u00e4r musikh\u00f6gskolornas \u00e5rliga sammankomst, och i \u00e5r dockar deras offentliga program in i festivalen. Senare under veckan rymmer festivalen fler konserter, danskv\u00e4llar och m\u00f6ten med detta g\u00e4ng.<\/p>\n<p><strong>Internationella m\u00f6ten och starka musikupplevelser<\/strong><\/p>\n<p>Festivalen presenterar artister fr\u00e5n hela v\u00e4rlden. Den sydkoreanska tons\u00e4ttaren och multiinstrumentalisten\u00a0<strong>Park Jiha<\/strong>\u00a0skapar suggestiva ljudlandskap d\u00e4r tradition m\u00f6ter samtida klangv\u00e4rldar. Fr\u00e5n Brasilien kommer pianisten\u00a0<strong>Amaro Freitas<\/strong>\u00a0med sin trio, som r\u00f6r sig i rytmisk och spirituell jazz.<\/p>\n<p>Under fredagen uppm\u00e4rksammas den afghanske musikern\u00a0<strong>Nashenas<\/strong>\u00a0i\u00a0<strong>The Forbidden Melodies<\/strong>\u00a0\u2013 en helkv\u00e4ll med film, samtal, konsert och utdelning av ett\u00a0<strong>Lifetime Achievement Award<\/strong>, d\u00e4r musikens kraft och betydelse s\u00e4tts i fokus. Kv\u00e4llen \u00e4r en del av det stora utvecklingsprojekt som Studief\u00f6rbundet NBV g\u00f6r f\u00f6r att bevara den afghanska traditionella musiken, vars \u00f6verlevnad i dagsl\u00e4get \u00e4r upp till akt\u00f6rer utanf\u00f6r Afghanistan.<\/p>\n<p><strong>Nordiskt, tradition och nya uttryck<\/strong><\/p>\n<p>Det nordiska sp\u00e5ret m\u00e4rks tydligt under festivalen. Publiken f\u00e5r ocks\u00e5 m\u00f6ta artister som\u00a0<strong>Sofia HK<\/strong>,<strong>\u00a0Albin Myrin<\/strong>\u00a0och ikonerna\u00a0<strong>Groupa<\/strong>\u00a0i samarbete med\u00a0<strong>Marta Matuszna<\/strong>, d\u00e4r tradition och nyskapande m\u00f6ts i olika former.<\/p>\n<p><strong>Dans, klubb och sena kv\u00e4llar<\/strong><\/p>\n<p>Dansen \u00e4r en sj\u00e4lvklar del av Malm\u00f6 Folk Festival. Under festivalen bjuds det p\u00e5 spel till dans, alls\u00e5ng, jam och klubbkv\u00e4llar. Favoriten Folkklubben \u00e5terkommer, i \u00e5r med bl.a. pionj\u00e4rerna\u00a0<strong>Den Fule<\/strong>, och p\u00e5 Victoriateatern f\u00f6rvandlas konsertsalen till dansgolv n\u00e4r\u00a0<strong>Bixiga 70<\/strong>\u00a0intar scenen med en explosiv blandning av afrobeat, brass och brasilianska rytmer.<\/p>\n<p><strong>Open Stage<\/strong>\u00a0och livespelade spellistor skapar m\u00f6tesplatser d\u00e4r Nordtrads studenter och musiker tar \u00f6ver scenen och l\u00e5ter musiken forts\u00e4tta l\u00e5ngt in p\u00e5 kv\u00e4llen.<\/p>\n<p><strong>Lekfullt, ov\u00e4ntat och n\u00e4ra<\/strong><\/p>\n<p>Festivalen rymmer ocks\u00e5 det ov\u00e4ntade och lekfulla. P\u00e5 Moriska Paviljongen avg\u00f6rs\u00a0<strong>VM i tr\u00e4skofiol<\/strong>\u00a0\u2013 en \u00e5terkommande publikfavorit d\u00e4r tradition, humor och virtuositet m\u00f6ts.<\/p>\n<p>Runt om i staden arrangeras dessutom kurser, workshops och sessioner d\u00e4r b\u00e5de nyb\u00f6rjare och erfarna musiker kan delta, fr\u00e5n k\u00f6rs\u00e5ng och irl\u00e4ndsk folkmusik till dans och traditionss\u00e5ng.<\/p>\n<p><strong>F\u00f6r barn och familj<\/strong><\/p>\n<p>Festivalen erbjuder flera upplevelser f\u00f6r barn och familj. F\u00f6rest\u00e4llningar som\u00a0<strong>N\u00e4r Nalle f\u00f6rsvann<\/strong>,\u00a0<strong>Korasagor<\/strong>\u00a0och\u00a0<strong>Det piper i skogen<\/strong>\u00a0med en riksspelman p\u00e5 h\u00e4rjedalspipa bjuder in till musikaliska \u00e4ventyr med s\u00e5ng, ber\u00e4ttande och interaktivitet.<\/p>\n<p><strong>Nordic Folk Alliance \u2013 m\u00f6tesplats f\u00f6r branschen<\/strong><\/p>\n<p>Parallellt med festivalen arrangeras\u00a0<strong>Nordic Folk Alliance 2026 p\u00e5 Palladium Malm\u00f6 den 9\u201311 april<\/strong>\u00a0\u2013 en internationell m\u00f6tesplats f\u00f6r artister, arrang\u00f6rer och branschakt\u00f6rer inom folk- och v\u00e4rldsmusik.<\/p>\n<p>Under konferensen h\u00e5lls seminarier, panelsamtal och workshops p\u00e5 temat\u00a0<em>Tradition in Motion \u2013 Networks, Mobility and New Paths for Folk Music<\/em>. H\u00e4r skapas utrymme f\u00f6r kunskapsutbyte, n\u00e4tverkande och nya samarbeten.<\/p>\n<p>Showcasekonserterna under Nordic Folk Alliance \u00e4r en del av festivalprogrammet. H\u00e4r h\u00f6rs artister som Kjeltring, Marianne Maans, Ragga Gr\u00f6ndal, Hostikka, Fromseier Hockings, Fredy Clue, Mirja Palo, Twang, Kvernberg\/Bj\u00f8rdal, Trio Wolski och Nuka Alice.<\/p>\n<p><strong><br \/>\nF\u00f6r komplett program och mer information, se Malm\u00f6 Folk Festivals hemsida:\u00a0<\/strong><a href=\"http:\/\/www.malmofolkfestival.se\/sv\" target=\"_blank\" rel=\"nofollow noopener\"><strong>www.malmofolkfestival.se\/sv<br \/>\n<\/strong><\/a><\/p>\n","protected":false},"excerpt":{"rendered":"<p>I april fylls Malm\u00f6 av folkmusik och v\u00e4rldsmusik p\u00e5 stadens scener och m\u00f6tesplatser. Malm\u00f6 Folk Festival 2026 bjuder p\u00e5 fem dagar av konserter, dansgolv, workshops, jamsessions och familjef\u00f6rest\u00e4llningar. Mycket mer v\u00e4ntar n\u00e4r festivalen \u00e5terigen samlar publik och arrang\u00f6rer fr\u00e5n hela staden den 8\u201312 april. Malm\u00f6 Folk Festival \u00e4r ett brett samarbete mellan Malm\u00f6s musikakt\u00f6rer och [&hellip;]<\/p>\n","protected":false},"author":3,"featured_media":4052,"comment_status":"open","ping_status":"open","sticky":false,"template":"","format":"standard","meta":{"inline_featured_image":false,"footnotes":""},"categories":[33],"tags":[],"class_list":["post-4051","post","type-post","status-publish","format-standard","has-post-thumbnail","category-musik"],"_links":{"self":[{"href":"https:\/\/veckotidningen.se\/index.php?rest_route=\/wp\/v2\/posts\/4051","targetHints":{"allow":["GET"]}}],"collection":[{"href":"https:\/\/veckotidningen.se\/index.php?rest_route=\/wp\/v2\/posts"}],"about":[{"href":"https:\/\/veckotidningen.se\/index.php?rest_route=\/wp\/v2\/types\/post"}],"author":[{"embeddable":true,"href":"https:\/\/veckotidningen.se\/index.php?rest_route=\/wp\/v2\/users\/3"}],"replies":[{"embeddable":true,"href":"https:\/\/veckotidningen.se\/index.php?rest_route=%2Fwp%2Fv2%2Fcomments&post=4051"}],"version-history":[{"count":1,"href":"https:\/\/veckotidningen.se\/index.php?rest_route=\/wp\/v2\/posts\/4051\/revisions"}],"predecessor-version":[{"id":4053,"href":"https:\/\/veckotidningen.se\/index.php?rest_route=\/wp\/v2\/posts\/4051\/revisions\/4053"}],"wp:featuredmedia":[{"embeddable":true,"href":"https:\/\/veckotidningen.se\/index.php?rest_route=\/wp\/v2\/media\/4052"}],"wp:attachment":[{"href":"https:\/\/veckotidningen.se\/index.php?rest_route=%2Fwp%2Fv2%2Fmedia&parent=4051"}],"wp:term":[{"taxonomy":"category","embeddable":true,"href":"https:\/\/veckotidningen.se\/index.php?rest_route=%2Fwp%2Fv2%2Fcategories&post=4051"},{"taxonomy":"post_tag","embeddable":true,"href":"https:\/\/veckotidningen.se\/index.php?rest_route=%2Fwp%2Fv2%2Ftags&post=4051"}],"curies":[{"name":"wp","href":"https:\/\/api.w.org\/{rel}","templated":true}]}}