{"id":4107,"date":"2026-05-07T17:05:45","date_gmt":"2026-05-07T17:05:45","guid":{"rendered":"https:\/\/veckotidningen.se\/?p=4107"},"modified":"2026-05-07T17:06:02","modified_gmt":"2026-05-07T17:06:02","slug":"nu-rullar-operan-ut-i-sommar-skane","status":"publish","type":"post","link":"https:\/\/veckotidningen.se\/?p=4107","title":{"rendered":"Nu rullar operan ut i sommar-Sk\u00e5ne"},"content":{"rendered":"<h2>Malm\u00f6 Opera p\u00e5 lastbil: Bravissimo!<\/h2>\n<p><strong>F\u00f6r nionde \u00e5ret i rad ger vi oss ut p\u00e5 lastbilsturn\u00e9 f\u00f6r att spela musikteater p\u00e5 gator och torg runt om i Sk\u00e5ne. Den h\u00e4r g\u00e5ngen bjuder tre operas\u00e5ngare p\u00e5 400 \u00e5r av operahistoria i snabbformat!<\/strong><\/p>\n<p>Operas\u00e5ngarna Rickard S\u00f6derberg, Elinor Fryklund och Emma Sventelius tillsammans med pianisten Nino Chikhelidze\u00a0bjuder p\u00e5 en rolig och fartfylld revy med operap\u00e4rlor fr\u00e5n fyra \u00e5rhundraden.<\/p>\n<p>Publiken f\u00e5r en inblick i livet bakom kulisserna d\u00e4r divor och dirigenter intrigerar och br\u00e5kar innan de g\u00e5r ut p\u00e5 scenen och presterar storverk, som om inget h\u00e4nt.<\/p>\n<div class=\"ckeditor-readmore-wrapper open\">\n<div class=\"ckeditor-readmore\" data-readmore-type=\"button\" data-readmore-classes=\"\" data-readmore-more-text=\"L\u00e4s mer\" data-readmore-less-text=\"L\u00e4s mindre\" data-once=\"ckeditor-readmore\">\n<h2>F\u00f6rsommartradition<\/h2>\n<p>F\u00f6r oss p\u00e5 Malm\u00f6 Opera har det blivit n\u00e5got av en f\u00f6rsommartradition att \u00e5ka ut p\u00e5 lastbilsturn\u00e9. V\u00e5r bil rullar in p\u00e5 spelplatsen och f\u00f6rest\u00e4llningen framf\u00f6rs p\u00e5 flaket.<\/p>\n<p>Publiken best\u00e5r av allt fr\u00e5n barnfamiljer p\u00e5 filtar och studenter som tar en paus i solen, till par och v\u00e4nner i alla \u00e5ldrar som njuter av mat och dryck i medhavda brassestolar.<\/p>\n<p>Arrangemanget \u00e4r gratis och alla som vill kan titta f\u00f6rbi och lyssna en stund eller stanna kvar och se hela f\u00f6rest\u00e4llningen.<\/p>\n<div class=\"mo-container mo-container__narrow\">\n<div class=\"flex flex-col gap-3 md:gap-4 lg:gap-5\">\n<div id=\"accordion-item-9353\">\n<div class=\"bg-old-lace px-[14px] pb-[14px] pt-0.5 md:pt-1 md:pb-4 md:px-4 lg:pl-8 lg:pr-24 lg:pt-2 lg:pb-12\">\n<div class=\"prose md:prose-lg lg:prose-xl max-sm:overflow-auto [&amp;_.btn]:inline-block md:!leading-relaxed\">\n<table role=\"presentation\">\n<tbody>\n<tr>\n<td>22 maj kl 14.00<\/td>\n<td>M\u00f6llebacken<br \/>\nL\u00f6ddek\u00f6pinge<\/td>\n<\/tr>\n<tr>\n<td>23 maj kl 15.00<\/td>\n<td>Gisl\u00f6vs idrottsplats,<br \/>\nTrelleborg<\/td>\n<\/tr>\n<tr>\n<td>24 maj kl 15.00<\/td>\n<td>Gruvmuseet,<br \/>\nBjuv<\/td>\n<\/tr>\n<tr>\n<td>26 maj kl 14.00<\/td>\n<td>Villa Roos Park,<br \/>\nStaffanstorp<\/td>\n<\/tr>\n<tr>\n<td>27 maj kl 18.30<\/td>\n<td>Hjelmsj\u00f6borg,<br \/>\n\u00d6rkelljunga<\/td>\n<\/tr>\n<tr>\n<td>29 maj kl 18.00<\/td>\n<td>Stortorget,<br \/>\nLund<\/td>\n<\/tr>\n<tr>\n<td>30 maj kl 14.00<\/td>\n<td>Lilla Torg,<br \/>\nKristianstad<\/td>\n<\/tr>\n<tr>\n<td>2 jun kl 17.00<\/td>\n<td>Stora Torg,<br \/>\nEsl\u00f6v<\/td>\n<\/tr>\n<tr>\n<td>3 juni, kl 14.00<\/td>\n<td>Skogsbrynet,<br \/>\nSibbhult<\/td>\n<\/tr>\n<tr>\n<td>5 juni kl 18.00<\/td>\n<td>Fritidsparken,<br \/>\nYstad<\/td>\n<\/tr>\n<tr>\n<td>7 juni kl 17.00<\/td>\n<td>Sj\u00f6\u00e4ngen,<br \/>\nOsby<\/td>\n<\/tr>\n<tr>\n<td>9 juni kl 18.00<\/td>\n<td>Folkets Park Silverforsen,<br \/>\nK\u00e4vlinge<\/td>\n<\/tr>\n<tr>\n<td>10 juni kl 18.30<\/td>\n<td>Balders Hage,<br \/>\nStaffanstorp<\/td>\n<\/tr>\n<tr>\n<td>12 juni kl 18.00<\/td>\n<td>Hjalmar Nilssons Park,<br \/>\nSval\u00f6v<\/td>\n<\/tr>\n<tr>\n<td>13 jun kl 17.00<\/td>\n<td>Floras tr\u00e4dg\u00e5rd,<br \/>\nSj\u00f6bo<\/td>\n<\/tr>\n<tr>\n<td>14 juni kl 16.00<\/td>\n<td>Hamntorget,<br \/>\nLomma<\/td>\n<\/tr>\n<tr>\n<td>16 juni kl 19.00<\/td>\n<td>Hovdala Slott,<br \/>\nH\u00e4ssleholm<\/td>\n<\/tr>\n<tr>\n<td>17 juni kl 18.00<\/td>\n<td>R\u00e5dhustorget,<br \/>\nLandskrona<\/td>\n<\/tr>\n<\/tbody>\n<\/table>\n<\/div>\n<\/div>\n<\/div>\n<div class=\"flex gap-5 md:gap-7 lg:gap-10 items-baseline w-full paragraph paragraph--type--cast\">\n<div class=\"text-right max-sm:grow-3 flex-1 text-12 md:text-20 lg:text-25 !tracking-normal\">Regi<\/div>\n<div class=\"flex-1 max-sm:grow-4 flex flex-col\"><a class=\"text-15 md:text-25 lg:text-30 underline\" href=\"https:\/\/www.malmoopera.se\/medverkande\/katarina-sorenson\">Katarina S\u00f6renson<\/a><\/div>\n<\/div>\n<div class=\"flex gap-5 md:gap-7 lg:gap-10 items-baseline w-full paragraph paragraph--type--cast\">\n<div class=\"text-right max-sm:grow-3 flex-1 text-12 md:text-20 lg:text-25 !tracking-normal\">Manus<\/div>\n<div class=\"flex-1 max-sm:grow-4 flex flex-col\"><a class=\"text-15 md:text-25 lg:text-30 underline\" href=\"https:\/\/www.malmoopera.se\/medverkande\/rickard-soderberg\">Rickard S\u00f6derberg<\/a><\/div>\n<\/div>\n<div class=\"flex gap-5 md:gap-7 lg:gap-10 items-baseline w-full paragraph paragraph--type--cast\">\n<div class=\"text-right max-sm:grow-3 flex-1 text-12 md:text-20 lg:text-25 !tracking-normal\">Kapellm\u00e4stare<\/div>\n<div class=\"flex-1 max-sm:grow-4 flex flex-col\"><a class=\"text-15 md:text-25 lg:text-30 underline\" href=\"https:\/\/www.malmoopera.se\/medverkande\/nino-chikhelidze\">Nino Chikhelidze<\/a><\/div>\n<\/div>\n<div class=\"flex gap-5 md:gap-7 lg:gap-10 items-baseline w-full paragraph paragraph--type--cast\">\n<div class=\"text-right max-sm:grow-3 flex-1 text-12 md:text-20 lg:text-25 !tracking-normal\">Solister<\/div>\n<div class=\"flex-1 max-sm:grow-4 flex flex-col\"><a class=\"text-15 md:text-25 lg:text-30 underline\" href=\"https:\/\/www.malmoopera.se\/medverkande\/emma-sventelius\">Emma Sventelius<\/a><\/div>\n<\/div>\n<div class=\"flex gap-5 md:gap-7 lg:gap-10 items-baseline w-full -mt-2 md:-mt-5 lg:-mt-7 paragraph paragraph--type--cast\">\n<div class=\"text-right max-sm:grow-3 flex-1 text-12 md:text-20 lg:text-25 !tracking-normal\"><\/div>\n<div class=\"flex-1 max-sm:grow-4 flex flex-col\"><a class=\"text-15 md:text-25 lg:text-30 underline\" href=\"https:\/\/www.malmoopera.se\/medverkande\/elinor-fryklund\">Elinor Fryklund<\/a><\/div>\n<\/div>\n<div class=\"flex gap-5 md:gap-7 lg:gap-10 items-baseline w-full -mt-2 md:-mt-5 lg:-mt-7 paragraph paragraph--type--cast\">\n<div class=\"text-right max-sm:grow-3 flex-1 text-12 md:text-20 lg:text-25 !tracking-normal\"><\/div>\n<div class=\"flex-1 max-sm:grow-4 flex flex-col\"><a class=\"text-15 md:text-25 lg:text-30 underline\" href=\"https:\/\/www.malmoopera.se\/medverkande\/rickard-soderberg\">Rickard S\u00f6derberg<\/a><\/div>\n<\/div>\n<\/div>\n<\/div>\n<\/div>\n<\/div>\n","protected":false},"excerpt":{"rendered":"<p>Malm\u00f6 Opera p\u00e5 lastbil: Bravissimo! F\u00f6r nionde \u00e5ret i rad ger vi oss ut p\u00e5 lastbilsturn\u00e9 f\u00f6r att spela musikteater p\u00e5 gator och torg runt om i Sk\u00e5ne. Den h\u00e4r g\u00e5ngen bjuder tre operas\u00e5ngare p\u00e5 400 \u00e5r av operahistoria i snabbformat! Operas\u00e5ngarna Rickard S\u00f6derberg, Elinor Fryklund och Emma Sventelius tillsammans med pianisten Nino Chikhelidze\u00a0bjuder p\u00e5 [&hellip;]<\/p>\n","protected":false},"author":3,"featured_media":4109,"comment_status":"open","ping_status":"open","sticky":false,"template":"","format":"standard","meta":{"inline_featured_image":false,"footnotes":""},"categories":[45],"tags":[],"class_list":["post-4107","post","type-post","status-publish","format-standard","has-post-thumbnail","category-opera"],"_links":{"self":[{"href":"https:\/\/veckotidningen.se\/index.php?rest_route=\/wp\/v2\/posts\/4107","targetHints":{"allow":["GET"]}}],"collection":[{"href":"https:\/\/veckotidningen.se\/index.php?rest_route=\/wp\/v2\/posts"}],"about":[{"href":"https:\/\/veckotidningen.se\/index.php?rest_route=\/wp\/v2\/types\/post"}],"author":[{"embeddable":true,"href":"https:\/\/veckotidningen.se\/index.php?rest_route=\/wp\/v2\/users\/3"}],"replies":[{"embeddable":true,"href":"https:\/\/veckotidningen.se\/index.php?rest_route=%2Fwp%2Fv2%2Fcomments&post=4107"}],"version-history":[{"count":2,"href":"https:\/\/veckotidningen.se\/index.php?rest_route=\/wp\/v2\/posts\/4107\/revisions"}],"predecessor-version":[{"id":4110,"href":"https:\/\/veckotidningen.se\/index.php?rest_route=\/wp\/v2\/posts\/4107\/revisions\/4110"}],"wp:featuredmedia":[{"embeddable":true,"href":"https:\/\/veckotidningen.se\/index.php?rest_route=\/wp\/v2\/media\/4109"}],"wp:attachment":[{"href":"https:\/\/veckotidningen.se\/index.php?rest_route=%2Fwp%2Fv2%2Fmedia&parent=4107"}],"wp:term":[{"taxonomy":"category","embeddable":true,"href":"https:\/\/veckotidningen.se\/index.php?rest_route=%2Fwp%2Fv2%2Fcategories&post=4107"},{"taxonomy":"post_tag","embeddable":true,"href":"https:\/\/veckotidningen.se\/index.php?rest_route=%2Fwp%2Fv2%2Ftags&post=4107"}],"curies":[{"name":"wp","href":"https:\/\/api.w.org\/{rel}","templated":true}]}}