{"id":4116,"date":"2026-05-14T10:15:48","date_gmt":"2026-05-14T10:15:48","guid":{"rendered":"https:\/\/veckotidningen.se\/?p=4116"},"modified":"2026-05-14T10:16:03","modified_gmt":"2026-05-14T10:16:03","slug":"malmo-konsthall-oppnar-ny-utstallning-med-bouchra-khalili","status":"publish","type":"post","link":"https:\/\/veckotidningen.se\/?p=4116","title":{"rendered":"Malm\u00f6 Konsthall \u00f6ppnar ny utst\u00e4llning med Bouchra Khalili"},"content":{"rendered":"<p><strong>I sommar visar Malm\u00f6 Konsthall\u00a0<em>How to Call a Ghost<\/em>\u00a0\u2013 en utst\u00e4llning av den fransk-marockanska konstn\u00e4ren\u00a0<a href=\"https:\/\/malmokonsthall.se\/utstallningar\/bouchra-khalili\/\" target=\"_blank\" rel=\"nofollow noopener\">Bouchra Khalili<\/a>. Detta \u00e4r den st\u00f6rsta presentationen av hennes verk i Skandinavien och hennes f\u00f6rsta utst\u00e4llning i s\u00f6dra Sverige. Utst\u00e4llningen \u00f6ppnar fredagen den 5 juni kl. 19 och pressvisningen \u00e4ger rum torsdagen den 4 juni kl. 10.<\/strong><\/p>\n<p><strong>Ber\u00e4ttandets kraft<br \/>\n<\/strong>Bouchra Khalili, som bor i Wien, har sedan b\u00f6rjan av 2000-talet arbetat med flera olika tekniker, speciellt film och video. I sina verk intresserar hon sig f\u00f6r fr\u00e5gor som r\u00f6r tillh\u00f6righet, gemenskap och demokrati. Hon unders\u00f6ker med hj\u00e4lp av en kollaborativ metod hur filmiska former och ljud kan skapa rum f\u00f6r \u00e4mnen som osynliggjorts av nationalstatens modell. Centralt \u00e4r tron p\u00e5 det muntliga ber\u00e4ttandets kraft. I Khalilis filmer m\u00f6ter vittnesm\u00e5l i f\u00f6rsta person singular kollektiv historia och kollektivt minne. Gradvis f\u00f6rvandlas r\u00f6sterna fr\u00e5n hennes icke-professionella akt\u00f6rer till en kollektiv r\u00f6st som indirekt \u00e5terspeglar hur Pier Paolo Pasolini anv\u00e4nde sig av\u00a0<em>poesia civile<\/em>, d\u00e4r medborgarpoetens r\u00f6st b\u00e4r p\u00e5 m\u00f6jligheten till en gemenskap.<\/p>\n<p><strong>R\u00e4tten att tillh\u00f6ra<br \/>\n<\/strong>Khalilis verk f\u00e5r oss att b\u00f6rja fundera \u00f6ver hur v\u00e5rt samh\u00e4lle fungerar och hur r\u00e4tten att tillh\u00f6ra v\u00e5rt gemensamma samh\u00e4lle definieras. Hennes verk speglar p\u00e5 m\u00e5nga s\u00e4tt den nuvarande situationen i EU (socialt, politiskt och historiskt), d\u00e4r r\u00e4tten att tillh\u00f6ra baserats p\u00e5 exkludering. Malm\u00f6 Konsthall vill lyfta de h\u00e4r fr\u00e5gornas relevans f\u00f6r regionen och f\u00f6r Malm\u00f6, ett hem f\u00f6r mer \u00e4n 180 olika nationaliteter.<\/p>\n<p>Utst\u00e4llningen f\u00f6rs\u00f6ker v\u00e4va samman de olika tr\u00e5darna i Bouchra Khalilis verk fr\u00e5n 2010-talet fram till idag och inkluderar installation, film, grafik och textil. Bland annat visas\u00a0<em>The Tempest\u00a0<\/em><em>Society<\/em>\u00a0(Stormens samh\u00e4lle),\u00a0<em>The Circle Project<\/em>\u00a0(Cirkel-projektet),\u00a0<em>The Public Storyteller<\/em>\u00a0(Den offentliga ber\u00e4ttaren) och hennes senaste film\u00a0<em>The Public\u00a0<\/em><em>Scribe<\/em>\u00a0(Den offentliga skribenten), vilka Khalili presenterade i tre separatutst\u00e4llningar gjorda f\u00f6r Festival d\u2019Automne 2025, en kulturfestival med teater, dans, musik, performance och samtidskonst som \u00e4ger rum varje \u00e5r i Paris.<\/p>\n<p><strong>En k\u00f6r av r\u00f6ster<br \/>\n<\/strong>P\u00e5 Malm\u00f6 Konsthall l\u00e5ter Khalili verken g\u00e5 i dialog med byggnadens existerande arkitektur genom att skapa en platsspecifik presentation. Nyare verk m\u00f6ter \u00e4ldre och tillsammans bildar de en k\u00f6r av r\u00f6ster, d\u00e4r bortgl\u00f6mda ber\u00e4ttelser fr\u00e5n det f\u00f6rflutna lyfts fram och ger eko i v\u00e5r egen samtid. Utst\u00e4llningen \u00e4r baserad p\u00e5 id\u00e9en om cirkeln \u2013 avsaknaden av b\u00f6rjan och slut \u2013 men ocks\u00e5 p\u00e5 cirkeln som en samlingspunkt f\u00f6r traditionellt ber\u00e4ttande. I Marocko \u00e4r\u00a0<em>al halaqa<\/em>, att samlas i en cirkel runt den som ber\u00e4ttar, en flera hundra \u00e5r gammal tradition. Halaqa betyder just cirkel, ring eller folksamling p\u00e5 arabiska.<\/p>\n<p>Utifr\u00e5n hur vi r\u00f6r oss i rummet utkristalliserar sig l\u00e4nkar, samband och konstellationer mellan verken. Ingen v\u00e4g \u00e4r given och alla ber\u00e4ttelser \u00e4r lika viktiga. Bouchra Khalilis verk l\u00e5ter oss ana en m\u00f6jlig framtid d\u00e4r nationalstatens ramar och hierarkier kan brytas och nya mer j\u00e4mlika villkor skapas.<\/p>\n<p><em>Utst\u00e4llningen\u00a0st\u00f6ds av Phileas \u2013 The Austrian Office for Contemporary Art och Institut fran\u00e7ais.<\/em><\/p>\n","protected":false},"excerpt":{"rendered":"<p>I sommar visar Malm\u00f6 Konsthall\u00a0How to Call a Ghost\u00a0\u2013 en utst\u00e4llning av den fransk-marockanska konstn\u00e4ren\u00a0Bouchra Khalili. Detta \u00e4r den st\u00f6rsta presentationen av hennes verk i Skandinavien och hennes f\u00f6rsta utst\u00e4llning i s\u00f6dra Sverige. Utst\u00e4llningen \u00f6ppnar fredagen den 5 juni kl. 19 och pressvisningen \u00e4ger rum torsdagen den 4 juni kl. 10. Ber\u00e4ttandets kraft Bouchra Khalili, [&hellip;]<\/p>\n","protected":false},"author":3,"featured_media":4117,"comment_status":"open","ping_status":"open","sticky":false,"template":"","format":"standard","meta":{"inline_featured_image":false,"footnotes":""},"categories":[44],"tags":[],"class_list":["post-4116","post","type-post","status-publish","format-standard","has-post-thumbnail","category-konst"],"_links":{"self":[{"href":"https:\/\/veckotidningen.se\/index.php?rest_route=\/wp\/v2\/posts\/4116","targetHints":{"allow":["GET"]}}],"collection":[{"href":"https:\/\/veckotidningen.se\/index.php?rest_route=\/wp\/v2\/posts"}],"about":[{"href":"https:\/\/veckotidningen.se\/index.php?rest_route=\/wp\/v2\/types\/post"}],"author":[{"embeddable":true,"href":"https:\/\/veckotidningen.se\/index.php?rest_route=\/wp\/v2\/users\/3"}],"replies":[{"embeddable":true,"href":"https:\/\/veckotidningen.se\/index.php?rest_route=%2Fwp%2Fv2%2Fcomments&post=4116"}],"version-history":[{"count":1,"href":"https:\/\/veckotidningen.se\/index.php?rest_route=\/wp\/v2\/posts\/4116\/revisions"}],"predecessor-version":[{"id":4118,"href":"https:\/\/veckotidningen.se\/index.php?rest_route=\/wp\/v2\/posts\/4116\/revisions\/4118"}],"wp:featuredmedia":[{"embeddable":true,"href":"https:\/\/veckotidningen.se\/index.php?rest_route=\/wp\/v2\/media\/4117"}],"wp:attachment":[{"href":"https:\/\/veckotidningen.se\/index.php?rest_route=%2Fwp%2Fv2%2Fmedia&parent=4116"}],"wp:term":[{"taxonomy":"category","embeddable":true,"href":"https:\/\/veckotidningen.se\/index.php?rest_route=%2Fwp%2Fv2%2Fcategories&post=4116"},{"taxonomy":"post_tag","embeddable":true,"href":"https:\/\/veckotidningen.se\/index.php?rest_route=%2Fwp%2Fv2%2Ftags&post=4116"}],"curies":[{"name":"wp","href":"https:\/\/api.w.org\/{rel}","templated":true}]}}