{"id":4265,"date":"2026-09-02T13:53:46","date_gmt":"2026-09-02T13:53:46","guid":{"rendered":"https:\/\/veckotidningen.se\/?p=4265"},"modified":"2026-09-02T14:00:42","modified_gmt":"2026-09-02T14:00:42","slug":"oxie-kyrka-oppnar-ater-sina-dorrar-efter-renoveringen","status":"publish","type":"post","link":"https:\/\/veckotidningen.se\/?p=4265","title":{"rendered":"Oxie kyrka \u00f6ppnar \u00e5ter sina d\u00f6rrar efter renoveringen"},"content":{"rendered":"<p>Efter en l\u00e5ng tids v\u00e4ntan \u00e4r det \u00e4ntligen dags. S\u00f6ndagen den 6 september \u00f6ppnar Oxie kyrka \u00e5ter sina d\u00f6rrar f\u00f6r allm\u00e4nheten efter den omfattande renoveringen som inleddes efter allhelgonahelgen 2024.. Detta firas med en h\u00f6gtidlig invigningsgudstj\u00e4nst, k\u00f6rs\u00e5ng och en festlig familjedag f\u00f6r hela bygden.<\/p>\n<p>Invigningen inleds med gudstj\u00e4nst klockan 11.00, f\u00f6ljd av musik, gemenskap och aktiviteter f\u00f6r b\u00e5de stora och sm\u00e5. Bes\u00f6kare kan se fram emot mingel, mat, kaffe och kaka samt festliga inslag som popcorn och sockervadd. F\u00f6r barnen erbjuds s\u00e4rskilda aktiviteter under f\u00f6rmiddagen.<\/p>\n<p>\u2013 Vi \u00e4r mycket glada \u00f6ver att kunna v\u00e4lkomna tillbaka f\u00f6rsamlingsbor och bes\u00f6kare till Oxie kyrka. Kyrkan \u00e4r en viktig m\u00f6tesplats i Oxie och nu ser vi fram emot att \u00e5ter fylla den med liv, s\u00e4ger Linda Isberg, f\u00f6rsamlingsherde.<\/p>\n<p>Invigningsfirandet p\u00e5g\u00e5r mellan klockan 11.00 och 13.30 och \u00e4r \u00f6ppet f\u00f6r alla.<\/p>\n<p>Tid:\u202fS\u00f6ndag 6 september, kl. 11.00-13.30<br \/>\nPlats:\u202fOxie kyrka, Oxie Kyrkov\u00e4g 214 B, Malm\u00f6<\/p>\n","protected":false},"excerpt":{"rendered":"<p>Efter en l\u00e5ng tids v\u00e4ntan \u00e4r det \u00e4ntligen dags. S\u00f6ndagen den 6 september \u00f6ppnar Oxie kyrka \u00e5ter sina d\u00f6rrar f\u00f6r allm\u00e4nheten efter den omfattande renoveringen som inleddes efter allhelgonahelgen 2024.. Detta firas med en h\u00f6gtidlig invigningsgudstj\u00e4nst, k\u00f6rs\u00e5ng och en festlig familjedag f\u00f6r hela bygden. Invigningen inleds med gudstj\u00e4nst klockan 11.00, f\u00f6ljd av musik, gemenskap och [&hellip;]<\/p>\n","protected":false},"author":3,"featured_media":4266,"comment_status":"open","ping_status":"open","sticky":false,"template":"","format":"standard","meta":{"inline_featured_image":false,"footnotes":""},"categories":[47],"tags":[],"class_list":["post-4265","post","type-post","status-publish","format-standard","has-post-thumbnail","category-malmo"],"_links":{"self":[{"href":"https:\/\/veckotidningen.se\/index.php?rest_route=\/wp\/v2\/posts\/4265","targetHints":{"allow":["GET"]}}],"collection":[{"href":"https:\/\/veckotidningen.se\/index.php?rest_route=\/wp\/v2\/posts"}],"about":[{"href":"https:\/\/veckotidningen.se\/index.php?rest_route=\/wp\/v2\/types\/post"}],"author":[{"embeddable":true,"href":"https:\/\/veckotidningen.se\/index.php?rest_route=\/wp\/v2\/users\/3"}],"replies":[{"embeddable":true,"href":"https:\/\/veckotidningen.se\/index.php?rest_route=%2Fwp%2Fv2%2Fcomments&post=4265"}],"version-history":[{"count":2,"href":"https:\/\/veckotidningen.se\/index.php?rest_route=\/wp\/v2\/posts\/4265\/revisions"}],"predecessor-version":[{"id":4268,"href":"https:\/\/veckotidningen.se\/index.php?rest_route=\/wp\/v2\/posts\/4265\/revisions\/4268"}],"wp:featuredmedia":[{"embeddable":true,"href":"https:\/\/veckotidningen.se\/index.php?rest_route=\/wp\/v2\/media\/4266"}],"wp:attachment":[{"href":"https:\/\/veckotidningen.se\/index.php?rest_route=%2Fwp%2Fv2%2Fmedia&parent=4265"}],"wp:term":[{"taxonomy":"category","embeddable":true,"href":"https:\/\/veckotidningen.se\/index.php?rest_route=%2Fwp%2Fv2%2Fcategories&post=4265"},{"taxonomy":"post_tag","embeddable":true,"href":"https:\/\/veckotidningen.se\/index.php?rest_route=%2Fwp%2Fv2%2Ftags&post=4265"}],"curies":[{"name":"wp","href":"https:\/\/api.w.org\/{rel}","templated":true}]}}