{"id":4272,"date":"2026-09-02T13:59:36","date_gmt":"2026-09-02T13:59:36","guid":{"rendered":"https:\/\/veckotidningen.se\/?p=4272"},"modified":"2026-09-02T14:00:29","modified_gmt":"2026-09-02T14:00:29","slug":"hosten-kommer-sist-till-malmo","status":"publish","type":"post","link":"https:\/\/veckotidningen.se\/?p=4272","title":{"rendered":"H\u00f6sten kommer sist till Malm\u00f6"},"content":{"rendered":"<p>Sommaren slut? Nja. I Malm\u00f6 dr\u00f6jer den sig kvar lite l\u00e4ngre. N\u00e4r h\u00f6sten b\u00f6rjat g\u00f6ra sig p\u00e5mind p\u00e5 andra h\u00e5ll finns fortfarande strandh\u00e4ng, uteserveringar och ljumma kv\u00e4llar att tanka. H\u00e4r \u00e4r n\u00e5gra Malm\u00f6adresser f\u00f6r dig som inte riktigt \u00e4r klar med sommaren.<\/p>\n<div>\n<p><strong>Fika i solen<br \/>\n<\/strong>Att starta med kaffe \u00e4r aldrig fel. B\u00f6rja p\u00e5\u00a0<a href=\"https:\/\/www.lillakafferosteriet.se\/\" target=\"_blank\" rel=\"nofollow noopener\">Lilla Kafferosteriet<\/a>, i ett 1600-talshus mitt i stan med fin innerg\u00e5rd, eller ta en kopp Sk\u00e5nerost bland odlingarna p\u00e5\u00a0<a href=\"https:\/\/slottstradgardenskafe.se\/\" target=\"_blank\" rel=\"nofollow noopener\">Slottstr\u00e4dg\u00e5rdens Kaf\u00e9<\/a>. Sitt ute s\u00e5 l\u00e4nge det g\u00e5r. I Malm\u00f6 kan det vara ett tag till.<\/p>\n<p><strong>Se n\u00e5&#8217;t du inte redan sett<\/strong><br \/>\nEdgy design p\u00e5\u00a0<a href=\"https:\/\/formdesigncenter.com\/\" target=\"_blank\" rel=\"nofollow noopener\">Form\/Design Center<\/a>, samtidskonst p\u00e5\u00a0<a href=\"https:\/\/www.modernamuseet.se\/sv\/malmo\" target=\"_blank\" rel=\"nofollow noopener\">Moderna Museet Malm\u00f6<\/a>\u00a0\u2013 eller n\u00e5got helt annat. P\u00e5\u00a0<a href=\"https:\/\/sherlocked.se\/\" target=\"_blank\" rel=\"nofollow noopener\">Sherlocked\u00a0<\/a>v\u00e4ntar klurigheter och viktorianska mysterier och p\u00e5\u00a0<a href=\"https:\/\/www.google.com\/aclk?sa=L&amp;pf=1&amp;ai=DChsSEwili4rinb6WAxW1T5EFHelnCMIYACICCAEQABoCbHI&amp;co=1&amp;ase=2&amp;gclid=Cj0KCQjwnbrUBhDOARIsAKKhPpcUp42Us5MQBAmXB7djm2k_LvFesVGLR3kZyEGyRXDSDbbYba6IsDQaApBeEALw_wcB&amp;cce=2&amp;category=acrcp_v1_32&amp;sig=AOD64_18TEHQ8rVn3hqDYxRPfIBKhYjiaQ&amp;q&amp;nis=4&amp;adurl=https:\/\/disgustingfoodmuseum.com\/malmo_se26\/?gad_source%3D1%26gad_campaignid%3D23388473216%26gbraid%3D0AAAAADqrnsFH9pniMNdIVgRlJzpGFR2Yq%26gclid%3DCj0KCQjwnbrUBhDOARIsAKKhPpcUp42Us5MQBAmXB7djm2k_LvFesVGLR3kZyEGyRXDSDbbYba6IsDQaApBeEALw_wcB&amp;ved=2ahUKEwid4oLinb6WAxVrGRAIHegSFPYQ0Qx6BAgiEAE\" target=\"_blank\" rel=\"nofollow noopener\">Disgusting Food Museum<\/a>\u00a0finns mat som v\u00e4cker betydligt fler k\u00e4nslor \u00e4n bara hunger.<\/p>\n<p><strong>Ta en drink eller tv\u00e5<\/strong><br \/>\nP\u00e5 M\u00f6llan ligger Sveriges f\u00f6rsta vermouthbar,\u00a0<a href=\"https:\/\/artisanbar.se\/\" target=\"_blank\" rel=\"nofollow noopener\">Artisan<\/a>. Och S\u00f6dertull hittar du\u00a0<a href=\"https:\/\/hylliebryggeri.se\/barstronomi\" target=\"_blank\" rel=\"nofollow noopener\">B\u00e4rstronomi<\/a>, Hyllie Bryggeris taproom mitt p\u00e5 g\u00e5gatan. Tv\u00e5 bra adresser f\u00f6r en eftermiddag som spiller \u00f6ver och blir kv\u00e4ll.<\/p>\n<p><strong>Spara plats till middagen<\/strong><br \/>\nI Malm\u00f6 \u00e4r det fullt rimligt att f\u00e5 besluts\u00e5ngest n\u00e4r det kommer till att \u00e4ta.\u00a0<a href=\"https:\/\/comomalmo.se\/\" target=\"_blank\" rel=\"nofollow noopener\">Como\u00a0<\/a>och\u00a0<a href=\"https:\/\/margauxmalmo.se\/\" target=\"_blank\" rel=\"nofollow noopener\">Margaux\u00a0<\/a>i B\u00f6rshuset,\u00a0<a href=\"https:\/\/www.entremalmo.se\/matutbud\" target=\"_blank\" rel=\"nofollow noopener\">Byn Matbar p\u00e5 Entr\u00e9<\/a>,\u00a0<a href=\"https:\/\/www.restaurangbasta.se\/restauranger\/malmo\" target=\"_blank\" rel=\"nofollow noopener\">Basta\u00a0<\/a>och\u00a0<a href=\"https:\/\/lolamaria.se\/\" target=\"_blank\" rel=\"nofollow noopener\">Lola Maria<\/a>\u00a0p\u00e5 Lilla Torg \u00e4r n\u00e5gra av m\u00e5nga heta adresser. Kan ingen enas?\u00a0<a href=\"https:\/\/www.malmosaluhall.se\/\" target=\"_blank\" rel=\"nofollow noopener\">Malm\u00f6 Saluhall<\/a>. Problem solved.<\/p>\n<p><strong>G\u00e5 inte hem \u00e4n!<\/strong><br \/>\nMalm\u00f6 efter m\u00f6rkrets inbrott \u00e4r konserter, klubbar, livescener, barer och ganska mycket annat som inte beh\u00f6ver planeras i f\u00f6rv\u00e4g. Kolla vad som h\u00e4nder p\u00e5\u00a0<a href=\"https:\/\/moriskapaviljongen.se\/\" target=\"_blank\" rel=\"nofollow noopener\">Moriskan<\/a>,\u00a0<a href=\"https:\/\/slagthuset.se\/\" target=\"_blank\" rel=\"nofollow noopener\">Slagthuset<\/a>,\u00a0<a href=\"https:\/\/www.malmoopera.se\/\" target=\"_blank\" rel=\"nofollow noopener\">Malm\u00f6 Opera<\/a>\u00a0eller n\u00e5gon annan av stadens m\u00e5nga scener. Eller g\u00f6r som Malm\u00f6borna: b\u00f6rja n\u00e5gonstans och se var kv\u00e4llen slutar.<\/p>\n<p><strong>Och d\u00e4remellan? Ut.<\/strong><br \/>\nTa en\u00a0<a href=\"https:\/\/travelshop.se\/sv\" target=\"_blank\" rel=\"nofollow noopener\">hyrcykel<\/a>\u00a0ner till Ribban. Chilla i n\u00e5gon av alla parker. Shoppa nytt och second hand. Ta en selfie i V\u00e4stra Hamnen. Turning Torso eller \u00d6resundsbron som backdrop. S\u00e4tt dig n\u00e5gonstans i solen och bli kvar lite l\u00e4ngre \u00e4n du t\u00e4nkt.<\/p>\n<p><strong>H\u00f6sten kommer \u00e4nd\u00e5.<\/strong><\/p>\n<p><strong>Men den kommer sist till Malm\u00f6.<\/strong><\/p>\n<\/div>\n","protected":false},"excerpt":{"rendered":"<p>Sommaren slut? Nja. I Malm\u00f6 dr\u00f6jer den sig kvar lite l\u00e4ngre. N\u00e4r h\u00f6sten b\u00f6rjat g\u00f6ra sig p\u00e5mind p\u00e5 andra h\u00e5ll finns fortfarande strandh\u00e4ng, uteserveringar och ljumma kv\u00e4llar att tanka. H\u00e4r \u00e4r n\u00e5gra Malm\u00f6adresser f\u00f6r dig som inte riktigt \u00e4r klar med sommaren. Fika i solen Att starta med kaffe \u00e4r aldrig fel. B\u00f6rja p\u00e5\u00a0Lilla Kafferosteriet, [&hellip;]<\/p>\n","protected":false},"author":3,"featured_media":4273,"comment_status":"open","ping_status":"open","sticky":false,"template":"","format":"standard","meta":{"inline_featured_image":false,"footnotes":""},"categories":[47],"tags":[],"class_list":["post-4272","post","type-post","status-publish","format-standard","has-post-thumbnail","category-malmo"],"_links":{"self":[{"href":"https:\/\/veckotidningen.se\/index.php?rest_route=\/wp\/v2\/posts\/4272","targetHints":{"allow":["GET"]}}],"collection":[{"href":"https:\/\/veckotidningen.se\/index.php?rest_route=\/wp\/v2\/posts"}],"about":[{"href":"https:\/\/veckotidningen.se\/index.php?rest_route=\/wp\/v2\/types\/post"}],"author":[{"embeddable":true,"href":"https:\/\/veckotidningen.se\/index.php?rest_route=\/wp\/v2\/users\/3"}],"replies":[{"embeddable":true,"href":"https:\/\/veckotidningen.se\/index.php?rest_route=%2Fwp%2Fv2%2Fcomments&post=4272"}],"version-history":[{"count":1,"href":"https:\/\/veckotidningen.se\/index.php?rest_route=\/wp\/v2\/posts\/4272\/revisions"}],"predecessor-version":[{"id":4274,"href":"https:\/\/veckotidningen.se\/index.php?rest_route=\/wp\/v2\/posts\/4272\/revisions\/4274"}],"wp:featuredmedia":[{"embeddable":true,"href":"https:\/\/veckotidningen.se\/index.php?rest_route=\/wp\/v2\/media\/4273"}],"wp:attachment":[{"href":"https:\/\/veckotidningen.se\/index.php?rest_route=%2Fwp%2Fv2%2Fmedia&parent=4272"}],"wp:term":[{"taxonomy":"category","embeddable":true,"href":"https:\/\/veckotidningen.se\/index.php?rest_route=%2Fwp%2Fv2%2Fcategories&post=4272"},{"taxonomy":"post_tag","embeddable":true,"href":"https:\/\/veckotidningen.se\/index.php?rest_route=%2Fwp%2Fv2%2Ftags&post=4272"}],"curies":[{"name":"wp","href":"https:\/\/api.w.org\/{rel}","templated":true}]}}